{"id":29217,"date":"2024-03-08T11:59:05","date_gmt":"2024-03-08T10:59:05","guid":{"rendered":"https:\/\/domainedesmaravilhas.com\/?p=29217"},"modified":"2024-03-08T11:59:06","modified_gmt":"2024-03-08T10:59:06","slug":"salon-des-vins-de-lirac","status":"publish","type":"post","link":"https:\/\/domainedesmaravilhas.com\/en\/salon-des-vins-de-lirac\/","title":{"rendered":"Lirac wine fair"},"content":{"rendered":"<p>On 24 and 25 March, we will be delighted to offer tastings of our red wines <em><strong>Pradau<\/strong><\/em>, <em><strong>Canto Bruno<\/strong><\/em> and <em><strong>La Pierre de Josette<\/strong><\/em> at the Lirac Wine Fair at Ch\u00e2teau de Clary in Roquemaure, Gard. The show is open to both private individuals and professionals, with on-site food and wine workshops. For further information, please contact <a href=\"http:\/\/www.vin-lirac.com\">www.vin-lirac.com<\/a><\/p>\n\n\n\n<p><\/p>\n\n\n\n<figure class=\"wp-block-image aligncenter size-large is-resized\"><img loading=\"lazy\" decoding=\"async\" width=\"1024\" height=\"576\" src=\"https:\/\/domainedesmaravilhas.com\/wp-content\/uploads\/2024\/03\/Bande-Emailing-1024x576.jpg\" alt=\"\" class=\"wp-image-29219\" style=\"width:446px;height:auto\" srcset=\"https:\/\/domainedesmaravilhas.com\/wp-content\/uploads\/2024\/03\/Bande-Emailing-980x551.jpg 980w, https:\/\/domainedesmaravilhas.com\/wp-content\/uploads\/2024\/03\/Bande-Emailing-480x270.jpg 480w\" sizes=\"auto, (min-width: 0px) and (max-width: 480px) 480px, (min-width: 481px) and (max-width: 980px) 980px, (min-width: 981px) 1024px, 100vw\" \/><\/figure>","protected":false},"excerpt":{"rendered":"<p>Les 24 et 25 mars prochains, nous serons tr\u00e8s heureux de faire d\u00e9guster nos cuv\u00e9es de vins rouges Pradau, Canto Bruno et La Pierre de Josette \u00e0 l&rsquo;occasion du Salon des vins de Lirac au Ch\u00e2teau de Clary \u00e0 Roquemaure, dans le Gard. Un salon ouvert aux particuliers et aux professionnels, vous pourrez vous restaurer [&hellip;]<\/p>","protected":false},"author":1,"featured_media":29219,"comment_status":"closed","ping_status":"closed","sticky":false,"template":"","format":"standard","meta":{"_et_pb_use_builder":"off","_et_pb_old_content":"<!-- wp:paragraph -->\n<p>Dans 15 jours pile, nous serons tr\u00e8s heureux de pr\u00e9senter nos vins \u00e0 la d\u00e9gustation aux professionnels de Marseille et de sa r\u00e9gion. Le lundi 11 mars, rendez-vous donc \u00e0 la Halle Major pour le salon Biotop, de 10 h \u00e0 18 h, o\u00f9 nous serons entour\u00e9s de plus de 50 vigneronnes et vignerons au Top de la Bio et de la Biodynamie ! <\/p>\n<!-- \/wp:paragraph -->\n\n<!-- wp:paragraph -->\n<p><\/p>\n<!-- \/wp:paragraph -->\n\n<!-- wp:image {\"align\":\"center\",\"id\":29210,\"width\":\"446px\",\"height\":\"auto\",\"sizeSlug\":\"large\",\"linkDestination\":\"none\"} -->\n<figure class=\"wp-block-image aligncenter size-large is-resized\"><img src=\"https:\/\/domainedesmaravilhas.com\/wp-content\/uploads\/2024\/02\/IMG_1213-1024x1024.jpg\" alt=\"\" class=\"wp-image-29210\" style=\"width:446px;height:auto\"\/><\/figure>\n<!-- \/wp:image -->","_et_gb_content_width":"","footnotes":""},"categories":[63,1],"tags":[],"class_list":["post-29217","post","type-post","status-publish","format-standard","has-post-thumbnail","hentry","category-salons","category-uncategorized"],"_links":{"self":[{"href":"https:\/\/domainedesmaravilhas.com\/en\/wp-json\/wp\/v2\/posts\/29217","targetHints":{"allow":["GET"]}}],"collection":[{"href":"https:\/\/domainedesmaravilhas.com\/en\/wp-json\/wp\/v2\/posts"}],"about":[{"href":"https:\/\/domainedesmaravilhas.com\/en\/wp-json\/wp\/v2\/types\/post"}],"author":[{"embeddable":true,"href":"https:\/\/domainedesmaravilhas.com\/en\/wp-json\/wp\/v2\/users\/1"}],"replies":[{"embeddable":true,"href":"https:\/\/domainedesmaravilhas.com\/en\/wp-json\/wp\/v2\/comments?post=29217"}],"version-history":[{"count":1,"href":"https:\/\/domainedesmaravilhas.com\/en\/wp-json\/wp\/v2\/posts\/29217\/revisions"}],"predecessor-version":[{"id":29220,"href":"https:\/\/domainedesmaravilhas.com\/en\/wp-json\/wp\/v2\/posts\/29217\/revisions\/29220"}],"wp:featuredmedia":[{"embeddable":true,"href":"https:\/\/domainedesmaravilhas.com\/en\/wp-json\/wp\/v2\/media\/29219"}],"wp:attachment":[{"href":"https:\/\/domainedesmaravilhas.com\/en\/wp-json\/wp\/v2\/media?parent=29217"}],"wp:term":[{"taxonomy":"category","embeddable":true,"href":"https:\/\/domainedesmaravilhas.com\/en\/wp-json\/wp\/v2\/categories?post=29217"},{"taxonomy":"post_tag","embeddable":true,"href":"https:\/\/domainedesmaravilhas.com\/en\/wp-json\/wp\/v2\/tags?post=29217"}],"curies":[{"name":"wp","href":"https:\/\/api.w.org\/{rel}","templated":true}]}}